{"id":620,"date":"2022-05-24T03:21:33","date_gmt":"2022-05-24T01:21:33","guid":{"rendered":"https:\/\/www.parisalenvers.fr\/?p=620"},"modified":"2022-09-29T19:23:44","modified_gmt":"2022-09-29T17:23:44","slug":"du-luxembourg-a-saint-sulpice","status":"publish","type":"post","link":"https:\/\/www.parisalenvers.fr\/?p=620","title":{"rendered":"Du Luxembourg \u00e0 Saint-Sulpice"},"content":{"rendered":"<p>[et_pb_section fb_built=\u00a0\u00bb1&Prime; admin_label=\u00a0\u00bbsection\u00a0\u00bb _builder_version=\u00a0\u00bb4.16&Prime; global_colors_info=\u00a0\u00bb{}\u00a0\u00bb][et_pb_row _builder_version=\u00a0\u00bb4.16&Prime; _module_preset=\u00a0\u00bbdefault\u00a0\u00bb global_colors_info=\u00a0\u00bb{}\u00a0\u00bb][et_pb_column type=\u00a0\u00bb4_4&Prime; _builder_version=\u00a0\u00bb4.16&Prime; _module_preset=\u00a0\u00bbdefault\u00a0\u00bb global_colors_info=\u00a0\u00bb{}\u00a0\u00bb][et_pb_post_title meta=\u00a0\u00bboff\u00a0\u00bb featured_image=\u00a0\u00bboff\u00a0\u00bb _builder_version=\u00a0\u00bb4.16&Prime; _module_preset=\u00a0\u00bbdefault\u00a0\u00bb title_font=\u00a0\u00bbPlayfair Display||||||||\u00a0\u00bb title_text_color=\u00a0\u00bb#55006b\u00a0\u00bb global_colors_info=\u00a0\u00bb{}\u00a0\u00bb][\/et_pb_post_title][\/et_pb_column][\/et_pb_row][et_pb_row column_structure=\u00a0\u00bb1_3,1_3,1_3&Prime; admin_label=\u00a0\u00bbrow\u00a0\u00bb _builder_version=\u00a0\u00bb4.16&Prime; background_size=\u00a0\u00bbinitial\u00a0\u00bb background_position=\u00a0\u00bbtop_left\u00a0\u00bb background_repeat=\u00a0\u00bbrepeat\u00a0\u00bb global_colors_info=\u00a0\u00bb{}\u00a0\u00bb][et_pb_column type=\u00a0\u00bb1_3&Prime; _builder_version=\u00a0\u00bb4.16&Prime; custom_padding=\u00a0\u00bb|||\u00a0\u00bb global_colors_info=\u00a0\u00bb{}\u00a0\u00bb custom_padding__hover=\u00a0\u00bb|||\u00a0\u00bb][et_pb_image src=\u00a0\u00bbhttps:\/\/www.parisalenvers.fr\/wp-content\/uploads\/2022\/04\/luxembourg4_10.jpg\u00a0\u00bb title_text=\u00a0\u00bbluxembourg4_10&Prime; _builder_version=\u00a0\u00bb4.16&Prime; _module_preset=\u00a0\u00bbdefault\u00a0\u00bb global_colors_info=\u00a0\u00bb{}\u00a0\u00bb][\/et_pb_image][et_pb_text _builder_version=\u00a0\u00bb4.17.3&Prime; _module_preset=\u00a0\u00bbdefault\u00a0\u00bb hover_enabled=\u00a0\u00bb0&Prime; global_colors_info=\u00a0\u00bb{}\u00a0\u00bb sticky_enabled=\u00a0\u00bb0&Prime;]<\/p>\n<div class=\"ce_text block\">\n<ul>\n<li><strong>La Libert\u00e9<\/strong><span> \u00e0 Paris<\/span><\/li>\n<li>Le Luxembourg, un jardin plein de surprises<\/li>\n<li>Particularit\u00e9s du<span>\u00a0<\/span><strong>Panth\u00e9on<\/strong><\/li>\n<li>Le<span>\u00a0<\/span><strong>m\u00e9ridien de Paris<\/strong><\/li>\n<li>Ancien<span>\u00a0<\/span><strong>palais M\u00e9dicis<\/strong><\/li>\n<li>Une <strong>fontaine \u00e0 l&rsquo;italienne<\/strong><\/li>\n<li>La plus longue rue de Paris<\/li>\n<li><strong>H\u00f4tel de Sourd\u00e9ac<\/strong><\/li>\n<li>La num\u00e9rotation des rues de Paris<\/li>\n<li>Apparition du<strong><span>\u00a0<\/span>m\u00e8tre-\u00e9talon<\/strong><\/li>\n<li><strong>Saint-Sulpice<\/strong><span>\u00a0<\/span>et son histoire<\/li>\n<li><strong>Fontaines<\/strong><span>\u00a0<\/span>salvatrices<span class=\"s1\"><\/span><\/li>\n<li><strong>Petites histoires et l\u00e9gendes<\/strong> au rendez-vous<\/li>\n<\/ul>\n<\/div>\n<p>[\/et_pb_text][\/et_pb_column][et_pb_column type=\u00a0\u00bb1_3&Prime; _builder_version=\u00a0\u00bb4.16&Prime; custom_padding=\u00a0\u00bb|||\u00a0\u00bb global_colors_info=\u00a0\u00bb{}\u00a0\u00bb custom_padding__hover=\u00a0\u00bb|||\u00a0\u00bb][et_pb_text _builder_version=\u00a0\u00bb4.17.3&Prime; _module_preset=\u00a0\u00bbdefault\u00a0\u00bb global_colors_info=\u00a0\u00bb{}\u00a0\u00bb]<\/p>\n<h4>Rendez-vous<\/h4>\n<p>Entr\u00e9e du jardin du Luxembourg, 22 rue Guynemer, face \u00e0 la librairie Giraud-Badin<\/p>\n<h4>Dur\u00e9e<\/h4>\n<p>Environ 2 heures<\/p>\n<h4>Tarif<\/h4>\n<p>22 \u20ac ttc adulte \/ 14 \u20ac ttc par enfant de 6 ans \u00e0 12 ans \/ gratuit pour les &#8211; de 6 ans<\/p>\n<p>Accessible aux poussettes et fauteuils roulants<\/p>\n<p><strong>Pour effectuer cette<\/strong><span>\u00a0<\/span><strong>visite guid\u00e9e<\/strong>, merci de nous contacter par mail ou t\u00e9l\u00e9phone avec le jour et l&rsquo;heure qui vous conviendraient.<\/p>\n<p>[\/et_pb_text][\/et_pb_column][et_pb_column type=\u00a0\u00bb1_3&Prime; _builder_version=\u00a0\u00bb4.16&Prime; custom_padding=\u00a0\u00bb|||\u00a0\u00bb global_colors_info=\u00a0\u00bb{}\u00a0\u00bb custom_padding__hover=\u00a0\u00bb|||\u00a0\u00bb][et_pb_text _builder_version=\u00a0\u00bb4.16&Prime; _module_preset=\u00a0\u00bbdefault\u00a0\u00bb global_colors_info=\u00a0\u00bb{}\u00a0\u00bb]<\/p>\n<h4>Booking<\/h4>\n<p>[\/et_pb_text][et_pb_text _builder_version=\u00a0\u00bb4.17.3&Prime; _module_preset=\u00a0\u00bbdefault\u00a0\u00bb global_colors_info=\u00a0\u00bb{}\u00a0\u00bb]<\/p>\n<p>link dates<\/p>\n<p>[\/et_pb_text][et_pb_image src=\u00a0\u00bbhttps:\/\/www.parisalenvers.fr\/wp-content\/uploads\/2022\/03\/logo_small_11.jpg\u00a0\u00bb title_text=\u00a0\u00bblogo_small_11&Prime; _builder_version=\u00a0\u00bb4.16&Prime; _module_preset=\u00a0\u00bbdefault\u00a0\u00bb global_colors_info=\u00a0\u00bb{}\u00a0\u00bb][\/et_pb_image][\/et_pb_column][\/et_pb_row][et_pb_row column_structure=\u00a0\u00bb1_4,1_4,1_4,1_4&Prime; _builder_version=\u00a0\u00bb4.16&Prime; _module_preset=\u00a0\u00bbdefault\u00a0\u00bb global_colors_info=\u00a0\u00bb{}\u00a0\u00bb][et_pb_column type=\u00a0\u00bb1_4&Prime; _builder_version=\u00a0\u00bb4.16&Prime; _module_preset=\u00a0\u00bbdefault\u00a0\u00bb global_colors_info=\u00a0\u00bb{}\u00a0\u00bb][et_pb_image src=\u00a0\u00bbhttps:\/\/www.parisalenvers.fr\/wp-content\/uploads\/2022\/05\/luxembourg9_10.jpg\u00a0\u00bb title_text=\u00a0\u00bbluxembourg9_10&Prime; _builder_version=\u00a0\u00bb4.17.3&Prime; _module_preset=\u00a0\u00bbdefault\u00a0\u00bb global_colors_info=\u00a0\u00bb{}\u00a0\u00bb][\/et_pb_image][\/et_pb_column][et_pb_column type=\u00a0\u00bb1_4&Prime; _builder_version=\u00a0\u00bb4.16&Prime; _module_preset=\u00a0\u00bbdefault\u00a0\u00bb global_colors_info=\u00a0\u00bb{}\u00a0\u00bb][et_pb_image src=\u00a0\u00bbhttps:\/\/www.parisalenvers.fr\/wp-content\/uploads\/2022\/04\/luxembourg5_10.jpg\u00a0\u00bb title_text=\u00a0\u00bbluxembourg5_10&Prime; _builder_version=\u00a0\u00bb4.16&Prime; _module_preset=\u00a0\u00bbdefault\u00a0\u00bb global_colors_info=\u00a0\u00bb{}\u00a0\u00bb][\/et_pb_image][\/et_pb_column][et_pb_column type=\u00a0\u00bb1_4&Prime; _builder_version=\u00a0\u00bb4.16&Prime; _module_preset=\u00a0\u00bbdefault\u00a0\u00bb global_colors_info=\u00a0\u00bb{}\u00a0\u00bb][et_pb_image src=\u00a0\u00bbhttps:\/\/www.parisalenvers.fr\/wp-content\/uploads\/2022\/05\/luxembourg6_10.jpg\u00a0\u00bb title_text=\u00a0\u00bbluxembourg6_10&Prime; _builder_version=\u00a0\u00bb4.17.3&Prime; _module_preset=\u00a0\u00bbdefault\u00a0\u00bb global_colors_info=\u00a0\u00bb{}\u00a0\u00bb][\/et_pb_image][\/et_pb_column][et_pb_column type=\u00a0\u00bb1_4&Prime; _builder_version=\u00a0\u00bb4.16&Prime; _module_preset=\u00a0\u00bbdefault\u00a0\u00bb global_colors_info=\u00a0\u00bb{}\u00a0\u00bb][et_pb_image src=\u00a0\u00bbhttps:\/\/www.parisalenvers.fr\/wp-content\/uploads\/2022\/04\/luxembourg3_10.jpg\u00a0\u00bb title_text=\u00a0\u00bbluxembourg3_10&Prime; _builder_version=\u00a0\u00bb4.16&Prime; _module_preset=\u00a0\u00bbdefault\u00a0\u00bb global_colors_info=\u00a0\u00bb{}\u00a0\u00bb][\/et_pb_image][\/et_pb_column][\/et_pb_row][et_pb_row _builder_version=\u00a0\u00bb4.16&Prime; _module_preset=\u00a0\u00bbdefault\u00a0\u00bb global_colors_info=\u00a0\u00bb{}\u00a0\u00bb][et_pb_column type=\u00a0\u00bb4_4&Prime; _builder_version=\u00a0\u00bb4.16&Prime; _module_preset=\u00a0\u00bbdefault\u00a0\u00bb global_colors_info=\u00a0\u00bb{}\u00a0\u00bb][et_pb_image src=\u00a0\u00bbhttps:\/\/www.parisalenvers.fr\/wp-content\/uploads\/2022\/04\/separador-3_04.jpg\u00a0\u00bb title_text=\u00a0\u00bbseparador-3_04&Prime; _builder_version=\u00a0\u00bb4.16&Prime; _module_preset=\u00a0\u00bbdefault\u00a0\u00bb global_colors_info=\u00a0\u00bb{}\u00a0\u00bb][\/et_pb_image][\/et_pb_column][\/et_pb_row][\/et_pb_section]<\/p>\n","protected":false},"excerpt":{"rendered":"<p>La Libert\u00e9 \u00e0 Paris Le Luxembourg, un jardin plein de surprises Particularit\u00e9s du\u00a0Panth\u00e9on Le\u00a0m\u00e9ridien de Paris Ancien\u00a0palais M\u00e9dicis Une fontaine \u00e0 l&rsquo;italienne La plus longue rue de Paris H\u00f4tel de Sourd\u00e9ac La num\u00e9rotation des rues de Paris Apparition du\u00a0m\u00e8tre-\u00e9talon Saint-Sulpice\u00a0et son histoire Fontaines\u00a0salvatrices Petites histoires et l\u00e9gendes au rendez-vous Rendez-vous Entr\u00e9e du jardin du Luxembourg, [&hellip;]<\/p>\n","protected":false},"author":1,"featured_media":624,"comment_status":"closed","ping_status":"closed","sticky":false,"template":"","format":"standard","meta":{"_et_pb_use_builder":"on","_et_pb_old_content":"","_et_gb_content_width":"1080","footnotes":""},"categories":[24],"tags":[],"class_list":["post-620","post","type-post","status-publish","format-standard","has-post-thumbnail","hentry","category-visites-collectives"],"_links":{"self":[{"href":"https:\/\/www.parisalenvers.fr\/index.php?rest_route=\/wp\/v2\/posts\/620","targetHints":{"allow":["GET"]}}],"collection":[{"href":"https:\/\/www.parisalenvers.fr\/index.php?rest_route=\/wp\/v2\/posts"}],"about":[{"href":"https:\/\/www.parisalenvers.fr\/index.php?rest_route=\/wp\/v2\/types\/post"}],"author":[{"embeddable":true,"href":"https:\/\/www.parisalenvers.fr\/index.php?rest_route=\/wp\/v2\/users\/1"}],"replies":[{"embeddable":true,"href":"https:\/\/www.parisalenvers.fr\/index.php?rest_route=%2Fwp%2Fv2%2Fcomments&post=620"}],"version-history":[{"count":6,"href":"https:\/\/www.parisalenvers.fr\/index.php?rest_route=\/wp\/v2\/posts\/620\/revisions"}],"predecessor-version":[{"id":986,"href":"https:\/\/www.parisalenvers.fr\/index.php?rest_route=\/wp\/v2\/posts\/620\/revisions\/986"}],"wp:featuredmedia":[{"embeddable":true,"href":"https:\/\/www.parisalenvers.fr\/index.php?rest_route=\/wp\/v2\/media\/624"}],"wp:attachment":[{"href":"https:\/\/www.parisalenvers.fr\/index.php?rest_route=%2Fwp%2Fv2%2Fmedia&parent=620"}],"wp:term":[{"taxonomy":"category","embeddable":true,"href":"https:\/\/www.parisalenvers.fr\/index.php?rest_route=%2Fwp%2Fv2%2Fcategories&post=620"},{"taxonomy":"post_tag","embeddable":true,"href":"https:\/\/www.parisalenvers.fr\/index.php?rest_route=%2Fwp%2Fv2%2Ftags&post=620"}],"curies":[{"name":"wp","href":"https:\/\/api.w.org\/{rel}","templated":true}]}}