{"id":592,"date":"2022-05-24T02:56:45","date_gmt":"2022-05-24T00:56:45","guid":{"rendered":"https:\/\/www.parisalenvers.fr\/?p=592"},"modified":"2022-09-29T20:07:14","modified_gmt":"2022-09-29T18:07:14","slug":"592","status":"publish","type":"post","link":"https:\/\/www.parisalenvers.fr\/?p=592","title":{"rendered":"Du centre Pompidou \u00e0 la place du Caire"},"content":{"rendered":"<p>[et_pb_section fb_built=\u00a0\u00bb1&Prime; admin_label=\u00a0\u00bbsection\u00a0\u00bb _builder_version=\u00a0\u00bb4.16&Prime; global_colors_info=\u00a0\u00bb{}\u00a0\u00bb][et_pb_row _builder_version=\u00a0\u00bb4.16&Prime; _module_preset=\u00a0\u00bbdefault\u00a0\u00bb global_colors_info=\u00a0\u00bb{}\u00a0\u00bb][et_pb_column type=\u00a0\u00bb4_4&Prime; _builder_version=\u00a0\u00bb4.16&Prime; _module_preset=\u00a0\u00bbdefault\u00a0\u00bb global_colors_info=\u00a0\u00bb{}\u00a0\u00bb][et_pb_post_title meta=\u00a0\u00bboff\u00a0\u00bb featured_image=\u00a0\u00bboff\u00a0\u00bb _builder_version=\u00a0\u00bb4.16&Prime; _module_preset=\u00a0\u00bbdefault\u00a0\u00bb title_font=\u00a0\u00bbPlayfair Display||||||||\u00a0\u00bb title_text_color=\u00a0\u00bb#55006b\u00a0\u00bb global_colors_info=\u00a0\u00bb{}\u00a0\u00bb][\/et_pb_post_title][\/et_pb_column][\/et_pb_row][et_pb_row column_structure=\u00a0\u00bb1_3,1_3,1_3&Prime; admin_label=\u00a0\u00bbrow\u00a0\u00bb _builder_version=\u00a0\u00bb4.16&Prime; background_size=\u00a0\u00bbinitial\u00a0\u00bb background_position=\u00a0\u00bbtop_left\u00a0\u00bb background_repeat=\u00a0\u00bbrepeat\u00a0\u00bb global_colors_info=\u00a0\u00bb{}\u00a0\u00bb][et_pb_column type=\u00a0\u00bb1_3&Prime; _builder_version=\u00a0\u00bb4.16&Prime; custom_padding=\u00a0\u00bb|||\u00a0\u00bb global_colors_info=\u00a0\u00bb{}\u00a0\u00bb custom_padding__hover=\u00a0\u00bb|||\u00a0\u00bb][et_pb_image src=\u00a0\u00bbhttps:\/\/www.parisalenvers.fr\/wp-content\/uploads\/2022\/05\/caire6_10.jpg\u00a0\u00bb title_text=\u00a0\u00bbcaire6_10&Prime; _builder_version=\u00a0\u00bb4.17.3&Prime; _module_preset=\u00a0\u00bbdefault\u00a0\u00bb global_colors_info=\u00a0\u00bb{}\u00a0\u00bb][\/et_pb_image][et_pb_text _builder_version=\u00a0\u00bb4.17.3&Prime; _module_preset=\u00a0\u00bbdefault\u00a0\u00bb hover_enabled=\u00a0\u00bb0&Prime; global_colors_info=\u00a0\u00bb{}\u00a0\u00bb sticky_enabled=\u00a0\u00bb0&Prime;]<\/p>\n<div class=\"ce_text block\">\n<ul>\n<li><strong>Le centre Pompidou<\/strong><span> <\/span>et ses couleurs&#8230;<\/li>\n<li>Histoire m\u00e9connue du<span>\u00a0<\/span><strong>quartier de l&rsquo;Horloge<\/strong><\/li>\n<li>Laquelle sera finalement la<strong><span>\u00a0<\/span>plus vieille maison de Paris<\/strong><span>\u00a0<\/span>?<\/li>\n<li>Balade d\u2019un passage \u00e0 l\u2019autre<\/li>\n<li>Effervescence du<span>\u00a0<\/span><strong>quartier Montorgueil<\/strong><\/li>\n<li>Une<span>\u00a0<\/span><strong>tour \u00e9difi\u00e9e au XV\u00e8me si\u00e8cle<br \/><\/strong><\/li>\n<li>Montorgueil et ses <strong>enseignes<\/strong><\/li>\n<li>Insolite, la terre des pharaons en plein Paris. De la magnifique<span>\u00a0<\/span><strong>Oasis d\u2019Aboukir \u00e0 la place du Caire<\/strong><\/li>\n<li>Le<span>\u00a0<\/span><strong>plus vieux passage couvert<\/strong><span>\u00a0<\/span>de Paris<span class=\"s1\"><\/span><\/li>\n<li><strong>Petites histoires et l\u00e9gendes<\/strong> au rendez-vous<\/li>\n<\/ul>\n<\/div>\n<p>[\/et_pb_text][\/et_pb_column][et_pb_column type=\u00a0\u00bb1_3&Prime; _builder_version=\u00a0\u00bb4.16&Prime; custom_padding=\u00a0\u00bb|||\u00a0\u00bb global_colors_info=\u00a0\u00bb{}\u00a0\u00bb custom_padding__hover=\u00a0\u00bb|||\u00a0\u00bb][et_pb_text _builder_version=\u00a0\u00bb4.17.3&Prime; _module_preset=\u00a0\u00bbdefault\u00a0\u00bb hover_enabled=\u00a0\u00bb0&Prime; global_colors_info=\u00a0\u00bb{}\u00a0\u00bb sticky_enabled=\u00a0\u00bb0&Prime;]<\/p>\n<h4>Rendez-vous<\/h4>\n<p>Sortie m\u00e9tro Rambuteau devant le 22 rue Beaubourg<\/p>\n<h4>Dur\u00e9e<\/h4>\n<p>Environ 1h30<\/p>\n<h4>Tarif<\/h4>\n<p>18 \u20ac ttc adulte \/ 10 \u20ac ttc par enfant de 6 ans \u00e0 12 ans \/ gratuit pour les &#8211; de 6 ans<\/p>\n<p>Accessible aux poussettes et fauteuils roulants<\/p>\n<p><strong>Pour effectuer cette<\/strong><span>\u00a0<\/span><strong>visite guid\u00e9e<\/strong>, merci de nous contacter par mail ou t\u00e9l\u00e9phone avec le jour et l&rsquo;heure qui vous conviendraient.<\/p>\n<p>[\/et_pb_text][\/et_pb_column][et_pb_column type=\u00a0\u00bb1_3&Prime; _builder_version=\u00a0\u00bb4.16&Prime; custom_padding=\u00a0\u00bb|||\u00a0\u00bb global_colors_info=\u00a0\u00bb{}\u00a0\u00bb custom_padding__hover=\u00a0\u00bb|||\u00a0\u00bb][et_pb_text _builder_version=\u00a0\u00bb4.17.3&Prime; _module_preset=\u00a0\u00bbdefault\u00a0\u00bb global_colors_info=\u00a0\u00bb{}\u00a0\u00bb]<\/p>\n<h4>R\u00e9servez<\/h4>\n<p>[\/et_pb_text][et_pb_text _builder_version=\u00a0\u00bb4.17.3&Prime; _module_preset=\u00a0\u00bbdefault\u00a0\u00bb global_colors_info=\u00a0\u00bb{}\u00a0\u00bb]<\/p>\n<p>link dates<\/p>\n<p>[\/et_pb_text][et_pb_image src=\u00a0\u00bbhttps:\/\/www.parisalenvers.fr\/wp-content\/uploads\/2022\/03\/logo_small_11.jpg\u00a0\u00bb title_text=\u00a0\u00bblogo_small_11&Prime; _builder_version=\u00a0\u00bb4.16&Prime; _module_preset=\u00a0\u00bbdefault\u00a0\u00bb global_colors_info=\u00a0\u00bb{}\u00a0\u00bb][\/et_pb_image][\/et_pb_column][\/et_pb_row][et_pb_row column_structure=\u00a0\u00bb1_4,1_4,1_4,1_4&Prime; _builder_version=\u00a0\u00bb4.16&Prime; _module_preset=\u00a0\u00bbdefault\u00a0\u00bb global_colors_info=\u00a0\u00bb{}\u00a0\u00bb][et_pb_column type=\u00a0\u00bb1_4&Prime; _builder_version=\u00a0\u00bb4.16&Prime; _module_preset=\u00a0\u00bbdefault\u00a0\u00bb global_colors_info=\u00a0\u00bb{}\u00a0\u00bb][et_pb_image src=\u00a0\u00bbhttps:\/\/www.parisalenvers.fr\/wp-content\/uploads\/2022\/04\/caire2_10.jpg\u00a0\u00bb title_text=\u00a0\u00bbcaire2_10&Prime; _builder_version=\u00a0\u00bb4.16&Prime; _module_preset=\u00a0\u00bbdefault\u00a0\u00bb global_colors_info=\u00a0\u00bb{}\u00a0\u00bb][\/et_pb_image][\/et_pb_column][et_pb_column type=\u00a0\u00bb1_4&Prime; _builder_version=\u00a0\u00bb4.16&Prime; _module_preset=\u00a0\u00bbdefault\u00a0\u00bb global_colors_info=\u00a0\u00bb{}\u00a0\u00bb][et_pb_image src=\u00a0\u00bbhttps:\/\/www.parisalenvers.fr\/wp-content\/uploads\/2022\/05\/caire5_10.jpg\u00a0\u00bb title_text=\u00a0\u00bbcaire5_10&Prime; _builder_version=\u00a0\u00bb4.17.3&Prime; _module_preset=\u00a0\u00bbdefault\u00a0\u00bb global_colors_info=\u00a0\u00bb{}\u00a0\u00bb][\/et_pb_image][\/et_pb_column][et_pb_column type=\u00a0\u00bb1_4&Prime; _builder_version=\u00a0\u00bb4.16&Prime; _module_preset=\u00a0\u00bbdefault\u00a0\u00bb global_colors_info=\u00a0\u00bb{}\u00a0\u00bb][et_pb_image src=\u00a0\u00bbhttps:\/\/www.parisalenvers.fr\/wp-content\/uploads\/2022\/04\/caire1_10.jpg\u00a0\u00bb title_text=\u00a0\u00bbcaire1_10&Prime; _builder_version=\u00a0\u00bb4.16&Prime; _module_preset=\u00a0\u00bbdefault\u00a0\u00bb global_colors_info=\u00a0\u00bb{}\u00a0\u00bb][\/et_pb_image][\/et_pb_column][et_pb_column type=\u00a0\u00bb1_4&Prime; _builder_version=\u00a0\u00bb4.16&Prime; _module_preset=\u00a0\u00bbdefault\u00a0\u00bb global_colors_info=\u00a0\u00bb{}\u00a0\u00bb][et_pb_image src=\u00a0\u00bbhttps:\/\/www.parisalenvers.fr\/wp-content\/uploads\/2022\/05\/caire4_10.jpg\u00a0\u00bb title_text=\u00a0\u00bbcaire4_10&Prime; _builder_version=\u00a0\u00bb4.17.3&Prime; _module_preset=\u00a0\u00bbdefault\u00a0\u00bb global_colors_info=\u00a0\u00bb{}\u00a0\u00bb][\/et_pb_image][\/et_pb_column][\/et_pb_row][et_pb_row _builder_version=\u00a0\u00bb4.16&Prime; _module_preset=\u00a0\u00bbdefault\u00a0\u00bb global_colors_info=\u00a0\u00bb{}\u00a0\u00bb][et_pb_column type=\u00a0\u00bb4_4&Prime; _builder_version=\u00a0\u00bb4.16&Prime; _module_preset=\u00a0\u00bbdefault\u00a0\u00bb global_colors_info=\u00a0\u00bb{}\u00a0\u00bb][et_pb_image src=\u00a0\u00bbhttps:\/\/www.parisalenvers.fr\/wp-content\/uploads\/2022\/04\/separador-1_04.jpg\u00a0\u00bb title_text=\u00a0\u00bbseparador-1_04&Prime; _builder_version=\u00a0\u00bb4.16&Prime; _module_preset=\u00a0\u00bbdefault\u00a0\u00bb global_colors_info=\u00a0\u00bb{}\u00a0\u00bb][\/et_pb_image][\/et_pb_column][\/et_pb_row][\/et_pb_section]<\/p>\n","protected":false},"excerpt":{"rendered":"<p>Le centre Pompidou et ses couleurs&#8230; Histoire m\u00e9connue du\u00a0quartier de l&rsquo;Horloge Laquelle sera finalement la\u00a0plus vieille maison de Paris\u00a0? Balade d\u2019un passage \u00e0 l\u2019autre Effervescence du\u00a0quartier Montorgueil Une\u00a0tour \u00e9difi\u00e9e au XV\u00e8me si\u00e8cle Montorgueil et ses enseignes Insolite, la terre des pharaons en plein Paris. De la magnifique\u00a0Oasis d\u2019Aboukir \u00e0 la place du Caire Le\u00a0plus vieux [&hellip;]<\/p>\n","protected":false},"author":1,"featured_media":640,"comment_status":"closed","ping_status":"closed","sticky":false,"template":"","format":"standard","meta":{"_et_pb_use_builder":"on","_et_pb_old_content":"","_et_gb_content_width":"1080","footnotes":""},"categories":[24],"tags":[],"class_list":["post-592","post","type-post","status-publish","format-standard","has-post-thumbnail","hentry","category-visites-collectives"],"_links":{"self":[{"href":"https:\/\/www.parisalenvers.fr\/index.php?rest_route=\/wp\/v2\/posts\/592","targetHints":{"allow":["GET"]}}],"collection":[{"href":"https:\/\/www.parisalenvers.fr\/index.php?rest_route=\/wp\/v2\/posts"}],"about":[{"href":"https:\/\/www.parisalenvers.fr\/index.php?rest_route=\/wp\/v2\/types\/post"}],"author":[{"embeddable":true,"href":"https:\/\/www.parisalenvers.fr\/index.php?rest_route=\/wp\/v2\/users\/1"}],"replies":[{"embeddable":true,"href":"https:\/\/www.parisalenvers.fr\/index.php?rest_route=%2Fwp%2Fv2%2Fcomments&post=592"}],"version-history":[{"count":6,"href":"https:\/\/www.parisalenvers.fr\/index.php?rest_route=\/wp\/v2\/posts\/592\/revisions"}],"predecessor-version":[{"id":994,"href":"https:\/\/www.parisalenvers.fr\/index.php?rest_route=\/wp\/v2\/posts\/592\/revisions\/994"}],"wp:featuredmedia":[{"embeddable":true,"href":"https:\/\/www.parisalenvers.fr\/index.php?rest_route=\/wp\/v2\/media\/640"}],"wp:attachment":[{"href":"https:\/\/www.parisalenvers.fr\/index.php?rest_route=%2Fwp%2Fv2%2Fmedia&parent=592"}],"wp:term":[{"taxonomy":"category","embeddable":true,"href":"https:\/\/www.parisalenvers.fr\/index.php?rest_route=%2Fwp%2Fv2%2Fcategories&post=592"},{"taxonomy":"post_tag","embeddable":true,"href":"https:\/\/www.parisalenvers.fr\/index.php?rest_route=%2Fwp%2Fv2%2Ftags&post=592"}],"curies":[{"name":"wp","href":"https:\/\/api.w.org\/{rel}","templated":true}]}}